{"id":2865,"date":"2025-09-02T01:25:28","date_gmt":"2025-09-02T01:25:28","guid":{"rendered":"https:\/\/secoop.gov.tl\/?p=2865"},"modified":"2025-09-02T01:31:07","modified_gmt":"2025-09-02T01:31:07","slug":"%f0%9d%90%92%f0%9d%90%84%f0%9d%90%8a%f0%9d%97%bc%f0%9d%97%bc%f0%9d%90%a9-%f0%9d%90%87%f0%9d%90%9a%f0%9d%90%a5%f0%9d%97%bc-%f0%9d%90%80%f0%9d%90%9b%f0%9d%90%9e%f0%9d%90%ab%f0%9d%90%ad%f0%9d%90%ae-3","status":"publish","type":"post","link":"https:\/\/secoop.gov.tl\/?p=2865","title":{"rendered":"\ud835\udc12\ud835\udc04\ud835\udc0a\ud835\uddfc\ud835\uddfc\ud835\udc29 \ud835\udc07\ud835\udc1a\ud835\udc25\ud835\uddfc \ud835\udc00\ud835\udc1b\ud835\udc1e\ud835\udc2b\ud835\udc2d\ud835\udc2e\ud835\udc2b\ud835\udc1a \ud835\udc04\ud835\udc31\ud835\udc29\ud835\uddfc\ud835\udc33\ud835\udc22\ud835\udc2c\ud835\udc1a\ud835\udc2e\ud835\udc27 \ud835\udc0f\ud835\udc2b\ud835\uddfc\ud835\uddfa\ud835\uddfc\ud835\udc2f\ud835\udc1e \ud835\udc05\ud835\uddfc\ud835\udc22\ud835\udc27\ud835\udc2c\ud835\udc1a\u2019\ud835\udc1e \ud835\udc08\ud835\udc21\ud835\udc1a \ud835\udc12\ud835\udc1e\ud835\udc2d\ud835\uddfc\u0301\ud835\udc2b \ud835\udc0f\ud835\udc2b\ud835\uddfc\ud835\udc1d\ud835\udc2e\ud835\udc2d\ud835\udc22\ud835\udc2f\ud835\udc2e"},"content":{"rendered":"\n<p>Maubisse, 12 Agostu 2025<\/p>\n\n\n\n<p>Tersa-Feira dadeer, Sekret\u00e1riu <a><\/a>Estadu Kooperativa (SEKoop), Eng. Ars\u00e9nio Pereira da Silva, M.Agr, dezloka ba Munis\u00edpiu Ainaro hodi halo abertura ba expozisaun ho Tema\u201dPromove Juventude Foinsae Iha Seitor Produtivu, Investe Agora\u201d, iha Rabilau, Postu Administrativu Maubisse, Munis\u00edpiu Ainaro.<\/p>\n\n\n\n<p>Iha nia intervensaun hato\u2019o katak, bainhira simu konvite ne\u2019e, nia sente laran kontente tebes tamba atu mai partisipa hodi partilla m\u00f3s informasaun balun kona-b\u00e1 pap\u00e9l Sekretaria Estadu Kooperativa nian ba grupu foinsa\u2019e sira no hanesan parte husi governasaun ida ne\u2019e iha planu, sa\u00edda mak bele fahe, saida mak bele kontribui hamutuk hodi dezenvolve rai ida ne&#8217;e.<\/p>\n\n\n\n<p>Nia hatutan, foinsa\u2019e mak sei sai hanesan ai-rin ba rai ida ne&#8217;e iha \u00e1rea hotu- hotu, hanesan Ekonomia, Sosi\u00e1l, Kultura no seluk-seluk tan.<\/p>\n\n\n\n<p>\u201cNeb\u00e9 ha\u2019u simu ita-bo\u2019ot sira nia konvite, ha\u2019u kontente hodi tau iha ajenda para hodi mai partisipa no mai partilla hanesan governu atu sa\u00edda ita bele halo hamutuk iha futuru.\u201d<\/p>\n\n\n\n<p>Aleinde loke abertura ba expozisaun ne\u2019e, iha m\u00f3s di\u00e1logu entre Governu ho Grupu hirak ne\u2019eb\u00e9 partisipa iha eventu ne\u2019e, hodi hato&#8217;o sira nia preokupasaun no sujestaun balun ne\u2019eb\u00e9 sira iha kona-b\u00e1 lala\u2019ok servisu Governu nian iha durante ne&#8217;e.<\/p>\n\n\n\n<p>Iha serim\u00f3nia abertura ne&#8217;e hetan partisipasaun husi reprezentante husi SEFOPE, Minist\u00e9riu Agrikultura, Minist\u00e9riu Kom\u00e9rsiu no Ind\u00fastria, OXFAM, reprezentante husi BNCTL, reprezentante PAM Aileu, reprezentante komandante PNTL Munis\u00edpiu Ainaro, Asosiasaun Jornalista Timor-Leste (AJTL) no mos ho Grupu hirak ne\u2019eb\u00e9 halo atividade neg\u00f3siu iha Munis\u00edpiu Ainaro no Munis\u00edpiu sira seluk.<\/p>\n\n\n\n<p><a href=\"https:\/\/www.facebook.com\/hashtag\/m%C3%A9diasekoop2025?__eep__=6&amp;__cft__[0]=AZVNTVLStWX7vvzBYaFWf6_nlUKbQTLv8BqAUfpASBY0YNSQjEAqxPoEZIoDHP2bgfvNQ9ip5MQa0iyeCYgW9gyJZXRRAtH-j4SF-Dx2Nd56fb3JMJbWvsw6_LkJnon_ajp0UPq-nIJemLPtA7tc8Svh7e8xk16ZbuaWTXb5lo0q99t9aQiObfr1olFo3DsnJUk&amp;__tn__=*NK-R\">#M\u00e9diaSEKoop2025<\/a><\/p>\n","protected":false},"excerpt":{"rendered":"<p>Maubisse, 12 Agostu 2025 Tersa-Feira dadeer, Sekret\u00e1riu Estadu Kooperativa (SEKoop), Eng. Ars\u00e9nio Pereira da Silva,&#8230;<\/p>\n","protected":false},"author":1,"featured_media":2866,"comment_status":"closed","ping_status":"closed","sticky":false,"template":"","format":"standard","meta":{"footnotes":""},"categories":[150,69,158,61,188,160],"tags":[],"class_list":["post-2865","post","type-post","status-publish","format-standard","has-post-thumbnail","hentry","category-atividade","category-gabinete-secoop","category-informasaun","category-notisia-tp","category-produto-cooperativa","category-programa"],"_links":{"self":[{"href":"https:\/\/secoop.gov.tl\/index.php?rest_route=\/wp\/v2\/posts\/2865","targetHints":{"allow":["GET"]}}],"collection":[{"href":"https:\/\/secoop.gov.tl\/index.php?rest_route=\/wp\/v2\/posts"}],"about":[{"href":"https:\/\/secoop.gov.tl\/index.php?rest_route=\/wp\/v2\/types\/post"}],"author":[{"embeddable":true,"href":"https:\/\/secoop.gov.tl\/index.php?rest_route=\/wp\/v2\/users\/1"}],"replies":[{"embeddable":true,"href":"https:\/\/secoop.gov.tl\/index.php?rest_route=%2Fwp%2Fv2%2Fcomments&post=2865"}],"version-history":[{"count":1,"href":"https:\/\/secoop.gov.tl\/index.php?rest_route=\/wp\/v2\/posts\/2865\/revisions"}],"predecessor-version":[{"id":2867,"href":"https:\/\/secoop.gov.tl\/index.php?rest_route=\/wp\/v2\/posts\/2865\/revisions\/2867"}],"wp:featuredmedia":[{"embeddable":true,"href":"https:\/\/secoop.gov.tl\/index.php?rest_route=\/wp\/v2\/media\/2866"}],"wp:attachment":[{"href":"https:\/\/secoop.gov.tl\/index.php?rest_route=%2Fwp%2Fv2%2Fmedia&parent=2865"}],"wp:term":[{"taxonomy":"category","embeddable":true,"href":"https:\/\/secoop.gov.tl\/index.php?rest_route=%2Fwp%2Fv2%2Fcategories&post=2865"},{"taxonomy":"post_tag","embeddable":true,"href":"https:\/\/secoop.gov.tl\/index.php?rest_route=%2Fwp%2Fv2%2Ftags&post=2865"}],"curies":[{"name":"wp","href":"https:\/\/api.w.org\/{rel}","templated":true}]}}